{"id":12494,"date":"2023-07-26T00:00:00","date_gmt":"2023-07-26T00:00:00","guid":{"rendered":"https:\/\/www.bup.at\/was_aendert_sich_beim_progressionsvorbehalt_fuer_nicht-ansaessige_ab_der_veranlagung_2023_\/"},"modified":"2023-07-26T00:00:00","modified_gmt":"2023-07-26T00:00:00","slug":"was_aendert_sich_beim_progressionsvorbehalt_fuer_nicht-ansaessige_ab_der_veranlagung_2023_","status":"publish","type":"post","link":"https:\/\/www.bup.at\/en\/was_aendert_sich_beim_progressionsvorbehalt_fuer_nicht-ansaessige_ab_der_veranlagung_2023_\/","title":{"rendered":"Anwendung des Progressionsvorbehaltes auf Nicht-Ans\u00e4ssigen ab 2023"},"content":{"rendered":"<p>Personen, die in \u00d6sterreich \u00fcber einen Wohnsitz oder gew\u00f6hnlichen Aufenthalt verf\u00fcgen, unterliegen hier mit ihrem gesamten Welteinkommen der unbeschr\u00e4nkten Steuerpflicht. Basierend auf diesem innerstaatlichen Besteuerungsanspruch werden auch ausl\u00e4ndische Eink\u00fcnfte im Rahmen des Progressionsvorbehalts f\u00fcr Zwecke der Ermittlung des anzuwendenden Steuersatzes herangezogen, wenn \u00d6sterreich vom anwendbaren Doppelbesteuerungsabkommen als Ans\u00e4ssigkeitsstaat qualifiziert wird.<\/p>\n<p>Bis dato wurde die \u00f6sterreichische Verwaltungspraxis stets so gelebt, dass der Progressionsvorbehalt nur dann schlagend wird, wenn \u00d6sterreich vom jeweiligen Doppelbesteuerungsabkommen auch als Ans\u00e4ssigkeitsstaat qualifiziert wird.<\/p>\n<h2>Neue Rechtsauslegung ab Veranlagung 2023<\/h2>\n<p>Basierend auf einer Entscheidung des Verwaltungsgerichtshofes wurden die Einkommensteuerrichtlinien nun dahingehend ge\u00e4ndert, dass der Progressionsvorbehalt ab der Veranlagung 2023 auch bei all jenen Personen schlagend wird, welche zwar in \u00d6sterreich der unbeschr\u00e4nkten Steuerpflicht unterliegen, jedoch abkommensrechtlich als im Ausland ans\u00e4ssig gelten.<\/p>\n<p>Besonders f\u00fcr Personen, die zwar im Ausland ans\u00e4ssig sind, jedoch auch \u00fcber einen \u00f6sterreichischen Wohnsitz verf\u00fcgen, kann dies zu einer deutlichen Steuermehrbelastung in \u00d6sterreich f\u00fchren.<\/p>\n<p>Gem\u00e4\u00df den Einkommensteuerrichtlinien gilt diese neue Auslegung nicht f\u00fcr jene Personen, die in den Anwendungsbereich der Zweitwohnsitzverordnung fallen und dementsprechend keiner unbeschr\u00e4nkten Steuerpflicht im Inland unterliegen.<\/p>\n<p class=\"hide_creation_date\">Stand: 26. Juli 2023<\/p>\n<div class=\"hide_image_author\">\n<p>Bild: vegefox.com &#8211; stock.adobe.com<\/p>\n<\/div>\n","protected":false},"excerpt":{"rendered":"<p>Personen, die in \u00d6sterreich \u00fcber einen Wohnsitz oder gew\u00f6hnlichen Aufenthalt verf\u00fcgen, unterliegen hier mit ihrem gesamten Welteinkommen der unbeschr\u00e4nkten Steuerpflicht. Basierend auf diesem innerstaatlichen Besteuerungsanspruch werden auch ausl\u00e4ndische Eink\u00fcnfte im Rahmen des Progressionsvorbehalts f\u00fcr Zwecke der Ermittlung des anzuwendenden Steuersatzes herangezogen, wenn \u00d6sterreich vom anwendbaren Doppelbesteuerungsabkommen als Ans\u00e4ssigkeitsstaat qualifiziert wird. Bis dato wurde die \u00f6sterreichische [&hellip;]<\/p>\n","protected":false},"author":5,"featured_media":0,"comment_status":"closed","ping_status":"closed","sticky":false,"template":"","format":"standard","meta":{"_acf_changed":false,"footnotes":""},"tags":[],"class_list":["post-12494","post","type-post","status-publish","format-standard","hentry"],"acf":[],"yoast_head":"<!-- This site is optimized with the Yoast SEO plugin v26.1 - https:\/\/yoast.com\/wordpress\/plugins\/seo\/ -->\n<title>Anwendung des Progressionsvorbehaltes auf Nicht-Ans\u00e4ssigen ab 2023 - Baldinger und Partner<\/title>\n<meta name=\"robots\" content=\"index, follow, max-snippet:-1, max-image-preview:large, max-video-preview:-1\" \/>\n<link rel=\"canonical\" href=\"https:\/\/www.bup.at\/steuernews-allgemein\/august_2023\/was_aendert_sich_beim_progressionsvorbehalt_fuer_nicht-ansaessige_ab_der_veranlagung_2023_\/\" \/>\n<meta property=\"og:locale\" content=\"en_US\" \/>\n<meta property=\"og:type\" content=\"article\" \/>\n<meta property=\"og:title\" content=\"Anwendung des Progressionsvorbehaltes auf Nicht-Ans\u00e4ssigen ab 2023 - Baldinger und Partner\" \/>\n<meta property=\"og:description\" content=\"Personen, die in \u00d6sterreich \u00fcber einen Wohnsitz oder gew\u00f6hnlichen Aufenthalt verf\u00fcgen, unterliegen hier mit ihrem gesamten Welteinkommen der unbeschr\u00e4nkten Steuerpflicht. Basierend auf diesem innerstaatlichen Besteuerungsanspruch werden auch ausl\u00e4ndische Eink\u00fcnfte im Rahmen des Progressionsvorbehalts f\u00fcr Zwecke der Ermittlung des anzuwendenden Steuersatzes herangezogen, wenn \u00d6sterreich vom anwendbaren Doppelbesteuerungsabkommen als Ans\u00e4ssigkeitsstaat qualifiziert wird. Bis dato wurde die \u00f6sterreichische [&hellip;]\" \/>\n<meta property=\"og:url\" content=\"https:\/\/www.bup.at\/steuernews-allgemein\/august_2023\/was_aendert_sich_beim_progressionsvorbehalt_fuer_nicht-ansaessige_ab_der_veranlagung_2023_\/\" \/>\n<meta property=\"og:site_name\" content=\"Baldinger und Partner\" \/>\n<meta property=\"article:published_time\" content=\"2023-07-26T00:00:00+00:00\" \/>\n<meta property=\"og:image\" content=\"https:\/\/www.bup.at\/wp-content\/uploads\/2023\/06\/WhatsApp-Bild-2023-03-07-um-16.21.24.jpg\" \/>\n\t<meta property=\"og:image:width\" content=\"1024\" \/>\n\t<meta property=\"og:image:height\" content=\"768\" \/>\n\t<meta property=\"og:image:type\" content=\"image\/jpeg\" \/>\n<meta name=\"author\" content=\"hit\" \/>\n<meta name=\"twitter:card\" content=\"summary_large_image\" \/>\n<meta name=\"twitter:label1\" content=\"Written by\" \/>\n\t<meta name=\"twitter:data1\" content=\"hit\" \/>\n\t<meta name=\"twitter:label2\" content=\"Est. reading time\" \/>\n\t<meta name=\"twitter:data2\" content=\"1 minute\" \/>\n<script type=\"application\/ld+json\" class=\"yoast-schema-graph\">{\"@context\":\"https:\/\/schema.org\",\"@graph\":[{\"@type\":\"Article\",\"@id\":\"https:\/\/www.bup.at\/steuernews-allgemein\/august_2023\/was_aendert_sich_beim_progressionsvorbehalt_fuer_nicht-ansaessige_ab_der_veranlagung_2023_\/#article\",\"isPartOf\":{\"@id\":\"https:\/\/www.bup.at\/steuernews-allgemein\/august_2023\/was_aendert_sich_beim_progressionsvorbehalt_fuer_nicht-ansaessige_ab_der_veranlagung_2023_\/\"},\"author\":{\"name\":\"hit\",\"@id\":\"https:\/\/www.bup.at\/#\/schema\/person\/bbcb70de18c779947b0a3e42f1edb880\"},\"headline\":\"Anwendung des Progressionsvorbehaltes auf Nicht-Ans\u00e4ssigen ab 2023\",\"datePublished\":\"2023-07-26T00:00:00+00:00\",\"mainEntityOfPage\":{\"@id\":\"https:\/\/www.bup.at\/steuernews-allgemein\/august_2023\/was_aendert_sich_beim_progressionsvorbehalt_fuer_nicht-ansaessige_ab_der_veranlagung_2023_\/\"},\"wordCount\":204,\"publisher\":{\"@id\":\"https:\/\/www.bup.at\/#organization\"},\"inLanguage\":\"en-US\"},{\"@type\":\"WebPage\",\"@id\":\"https:\/\/www.bup.at\/steuernews-allgemein\/august_2023\/was_aendert_sich_beim_progressionsvorbehalt_fuer_nicht-ansaessige_ab_der_veranlagung_2023_\/\",\"url\":\"https:\/\/www.bup.at\/steuernews-allgemein\/august_2023\/was_aendert_sich_beim_progressionsvorbehalt_fuer_nicht-ansaessige_ab_der_veranlagung_2023_\/\",\"name\":\"Anwendung des Progressionsvorbehaltes auf Nicht-Ans\u00e4ssigen ab 2023 - Baldinger und Partner\",\"isPartOf\":{\"@id\":\"https:\/\/www.bup.at\/#website\"},\"datePublished\":\"2023-07-26T00:00:00+00:00\",\"breadcrumb\":{\"@id\":\"https:\/\/www.bup.at\/steuernews-allgemein\/august_2023\/was_aendert_sich_beim_progressionsvorbehalt_fuer_nicht-ansaessige_ab_der_veranlagung_2023_\/#breadcrumb\"},\"inLanguage\":\"en-US\",\"potentialAction\":[{\"@type\":\"ReadAction\",\"target\":[\"https:\/\/www.bup.at\/steuernews-allgemein\/august_2023\/was_aendert_sich_beim_progressionsvorbehalt_fuer_nicht-ansaessige_ab_der_veranlagung_2023_\/\"]}]},{\"@type\":\"BreadcrumbList\",\"@id\":\"https:\/\/www.bup.at\/steuernews-allgemein\/august_2023\/was_aendert_sich_beim_progressionsvorbehalt_fuer_nicht-ansaessige_ab_der_veranlagung_2023_\/#breadcrumb\",\"itemListElement\":[{\"@type\":\"ListItem\",\"position\":1,\"name\":\"Startseite\",\"item\":\"https:\/\/www.bup.at\/\"},{\"@type\":\"ListItem\",\"position\":2,\"name\":\"Anwendung des Progressionsvorbehaltes auf Nicht-Ans\u00e4ssigen ab 2023\"}]},{\"@type\":\"WebSite\",\"@id\":\"https:\/\/www.bup.at\/#website\",\"url\":\"https:\/\/www.bup.at\/\",\"name\":\"Baldinger und Partner\",\"description\":\"\",\"publisher\":{\"@id\":\"https:\/\/www.bup.at\/#organization\"},\"potentialAction\":[{\"@type\":\"SearchAction\",\"target\":{\"@type\":\"EntryPoint\",\"urlTemplate\":\"https:\/\/www.bup.at\/?s={search_term_string}\"},\"query-input\":{\"@type\":\"PropertyValueSpecification\",\"valueRequired\":true,\"valueName\":\"search_term_string\"}}],\"inLanguage\":\"en-US\"},{\"@type\":\"Organization\",\"@id\":\"https:\/\/www.bup.at\/#organization\",\"name\":\"Baldinger und Partner\",\"url\":\"https:\/\/www.bup.at\/\",\"logo\":{\"@type\":\"ImageObject\",\"inLanguage\":\"en-US\",\"@id\":\"https:\/\/www.bup.at\/#\/schema\/logo\/image\/\",\"url\":\"https:\/\/www.bup.at\/wp-content\/uploads\/2023\/04\/logo.svg\",\"contentUrl\":\"https:\/\/www.bup.at\/wp-content\/uploads\/2023\/04\/logo.svg\",\"width\":547,\"height\":220,\"caption\":\"Baldinger und Partner\"},\"image\":{\"@id\":\"https:\/\/www.bup.at\/#\/schema\/logo\/image\/\"}},{\"@type\":\"Person\",\"@id\":\"https:\/\/www.bup.at\/#\/schema\/person\/bbcb70de18c779947b0a3e42f1edb880\",\"name\":\"hit\"}]}<\/script>\n<!-- \/ Yoast SEO plugin. -->","yoast_head_json":{"title":"Anwendung des Progressionsvorbehaltes auf Nicht-Ans\u00e4ssigen ab 2023 - Baldinger und Partner","robots":{"index":"index","follow":"follow","max-snippet":"max-snippet:-1","max-image-preview":"max-image-preview:large","max-video-preview":"max-video-preview:-1"},"canonical":"https:\/\/www.bup.at\/steuernews-allgemein\/august_2023\/was_aendert_sich_beim_progressionsvorbehalt_fuer_nicht-ansaessige_ab_der_veranlagung_2023_\/","og_locale":"en_US","og_type":"article","og_title":"Anwendung des Progressionsvorbehaltes auf Nicht-Ans\u00e4ssigen ab 2023 - Baldinger und Partner","og_description":"Personen, die in \u00d6sterreich \u00fcber einen Wohnsitz oder gew\u00f6hnlichen Aufenthalt verf\u00fcgen, unterliegen hier mit ihrem gesamten Welteinkommen der unbeschr\u00e4nkten Steuerpflicht. Basierend auf diesem innerstaatlichen Besteuerungsanspruch werden auch ausl\u00e4ndische Eink\u00fcnfte im Rahmen des Progressionsvorbehalts f\u00fcr Zwecke der Ermittlung des anzuwendenden Steuersatzes herangezogen, wenn \u00d6sterreich vom anwendbaren Doppelbesteuerungsabkommen als Ans\u00e4ssigkeitsstaat qualifiziert wird. Bis dato wurde die \u00f6sterreichische [&hellip;]","og_url":"https:\/\/www.bup.at\/steuernews-allgemein\/august_2023\/was_aendert_sich_beim_progressionsvorbehalt_fuer_nicht-ansaessige_ab_der_veranlagung_2023_\/","og_site_name":"Baldinger und Partner","article_published_time":"2023-07-26T00:00:00+00:00","og_image":[{"width":1024,"height":768,"url":"https:\/\/www.bup.at\/wp-content\/uploads\/2023\/06\/WhatsApp-Bild-2023-03-07-um-16.21.24.jpg","type":"image\/jpeg"}],"author":"hit","twitter_card":"summary_large_image","twitter_misc":{"Written by":"hit","Est. reading time":"1 minute"},"schema":{"@context":"https:\/\/schema.org","@graph":[{"@type":"Article","@id":"https:\/\/www.bup.at\/steuernews-allgemein\/august_2023\/was_aendert_sich_beim_progressionsvorbehalt_fuer_nicht-ansaessige_ab_der_veranlagung_2023_\/#article","isPartOf":{"@id":"https:\/\/www.bup.at\/steuernews-allgemein\/august_2023\/was_aendert_sich_beim_progressionsvorbehalt_fuer_nicht-ansaessige_ab_der_veranlagung_2023_\/"},"author":{"name":"hit","@id":"https:\/\/www.bup.at\/#\/schema\/person\/bbcb70de18c779947b0a3e42f1edb880"},"headline":"Anwendung des Progressionsvorbehaltes auf Nicht-Ans\u00e4ssigen ab 2023","datePublished":"2023-07-26T00:00:00+00:00","mainEntityOfPage":{"@id":"https:\/\/www.bup.at\/steuernews-allgemein\/august_2023\/was_aendert_sich_beim_progressionsvorbehalt_fuer_nicht-ansaessige_ab_der_veranlagung_2023_\/"},"wordCount":204,"publisher":{"@id":"https:\/\/www.bup.at\/#organization"},"inLanguage":"en-US"},{"@type":"WebPage","@id":"https:\/\/www.bup.at\/steuernews-allgemein\/august_2023\/was_aendert_sich_beim_progressionsvorbehalt_fuer_nicht-ansaessige_ab_der_veranlagung_2023_\/","url":"https:\/\/www.bup.at\/steuernews-allgemein\/august_2023\/was_aendert_sich_beim_progressionsvorbehalt_fuer_nicht-ansaessige_ab_der_veranlagung_2023_\/","name":"Anwendung des Progressionsvorbehaltes auf Nicht-Ans\u00e4ssigen ab 2023 - Baldinger und Partner","isPartOf":{"@id":"https:\/\/www.bup.at\/#website"},"datePublished":"2023-07-26T00:00:00+00:00","breadcrumb":{"@id":"https:\/\/www.bup.at\/steuernews-allgemein\/august_2023\/was_aendert_sich_beim_progressionsvorbehalt_fuer_nicht-ansaessige_ab_der_veranlagung_2023_\/#breadcrumb"},"inLanguage":"en-US","potentialAction":[{"@type":"ReadAction","target":["https:\/\/www.bup.at\/steuernews-allgemein\/august_2023\/was_aendert_sich_beim_progressionsvorbehalt_fuer_nicht-ansaessige_ab_der_veranlagung_2023_\/"]}]},{"@type":"BreadcrumbList","@id":"https:\/\/www.bup.at\/steuernews-allgemein\/august_2023\/was_aendert_sich_beim_progressionsvorbehalt_fuer_nicht-ansaessige_ab_der_veranlagung_2023_\/#breadcrumb","itemListElement":[{"@type":"ListItem","position":1,"name":"Startseite","item":"https:\/\/www.bup.at\/"},{"@type":"ListItem","position":2,"name":"Anwendung des Progressionsvorbehaltes auf Nicht-Ans\u00e4ssigen ab 2023"}]},{"@type":"WebSite","@id":"https:\/\/www.bup.at\/#website","url":"https:\/\/www.bup.at\/","name":"Baldinger und Partner","description":"","publisher":{"@id":"https:\/\/www.bup.at\/#organization"},"potentialAction":[{"@type":"SearchAction","target":{"@type":"EntryPoint","urlTemplate":"https:\/\/www.bup.at\/?s={search_term_string}"},"query-input":{"@type":"PropertyValueSpecification","valueRequired":true,"valueName":"search_term_string"}}],"inLanguage":"en-US"},{"@type":"Organization","@id":"https:\/\/www.bup.at\/#organization","name":"Baldinger und Partner","url":"https:\/\/www.bup.at\/","logo":{"@type":"ImageObject","inLanguage":"en-US","@id":"https:\/\/www.bup.at\/#\/schema\/logo\/image\/","url":"https:\/\/www.bup.at\/wp-content\/uploads\/2023\/04\/logo.svg","contentUrl":"https:\/\/www.bup.at\/wp-content\/uploads\/2023\/04\/logo.svg","width":547,"height":220,"caption":"Baldinger und Partner"},"image":{"@id":"https:\/\/www.bup.at\/#\/schema\/logo\/image\/"}},{"@type":"Person","@id":"https:\/\/www.bup.at\/#\/schema\/person\/bbcb70de18c779947b0a3e42f1edb880","name":"hit"}]}},"_links":{"self":[{"href":"https:\/\/www.bup.at\/en\/wp-json\/wp\/v2\/posts\/12494","targetHints":{"allow":["GET"]}}],"collection":[{"href":"https:\/\/www.bup.at\/en\/wp-json\/wp\/v2\/posts"}],"about":[{"href":"https:\/\/www.bup.at\/en\/wp-json\/wp\/v2\/types\/post"}],"author":[{"embeddable":true,"href":"https:\/\/www.bup.at\/en\/wp-json\/wp\/v2\/users\/5"}],"replies":[{"embeddable":true,"href":"https:\/\/www.bup.at\/en\/wp-json\/wp\/v2\/comments?post=12494"}],"version-history":[{"count":0,"href":"https:\/\/www.bup.at\/en\/wp-json\/wp\/v2\/posts\/12494\/revisions"}],"wp:attachment":[{"href":"https:\/\/www.bup.at\/en\/wp-json\/wp\/v2\/media?parent=12494"}],"wp:term":[{"taxonomy":"post_tag","embeddable":true,"href":"https:\/\/www.bup.at\/en\/wp-json\/wp\/v2\/tags?post=12494"}],"curies":[{"name":"wp","href":"https:\/\/api.w.org\/{rel}","templated":true}]}}